{"id":103,"date":"2022-06-28T16:06:04","date_gmt":"2022-06-28T16:06:04","guid":{"rendered":"http:\/\/factormueble.com\/blog\/?p=103"},"modified":"2022-07-28T06:17:16","modified_gmt":"2022-07-28T06:17:16","slug":"como-decorar-un-salon-las-mejores-ideas-para-dar-con-la-clave","status":"publish","type":"post","link":"https:\/\/factormueble.com\/blog\/como-decorar-un-salon-las-mejores-ideas-para-dar-con-la-clave\/","title":{"rendered":"\u00bfC\u00f3mo decorar un sal\u00f3n? Las mejores ideas para dar con la clave"},"content":{"rendered":"<p>Existen muchas formas de <strong>decorar un sal\u00f3n<\/strong> y muchos tipos de salones, desde los m\u00e1s peque\u00f1os, hasta los m\u00e1s grandes, desde los m\u00e1s iluminados, hasta los m\u00e1s oscuros, desde los que tienen forma rectangular, hasta los que tienen forma de L.<\/p>\n<p>Cuando queremos <strong>cambiar el estilo de nuestro hogar<\/strong> y su estructura, lo hacemos con la idea y objetivo de darle m\u00e1s vida, personalidad y frescura. <strong>El sal\u00f3n es el centro de nuestra vivienda,<\/strong> y, por lo tanto, tiene que tener mucha<strong> energ\u00eda.<\/strong> A continuaci\u00f3n, vamos a mencionar algunos de los <strong>mejores consejos para decorar el sal\u00f3n de tu casa. <\/strong><\/p>\n<h2><strong>Ganar luz e iluminaci\u00f3n, un aspecto clave para decorar tu sal\u00f3n<\/strong><\/h2>\n<p>La <a href=\"https:\/\/factormueble.com\/iluminacion\/\" target=\"_blank\" rel=\"noopener\"><strong>iluminaci\u00f3n<\/strong><\/a><strong> es muy importante a la hora de decorar un sal\u00f3n<\/strong>, ya que con ella podemos controlar qu\u00e9 es lo que se quiere destacar en el interior de la estancia. Ahora bien, en cuanto a este tema existe un amplio abanico de posibilidades entre las que podr\u00e1s elegir aquellas que mejor se adapten a las necesidades y circunstancias de tu sal\u00f3n. A continuaci\u00f3n, os mostramos algunas posibilidades:<\/p>\n<ol>\n<li><strong>L\u00e1mparas de plaf\u00f3n<\/strong><strong>.<\/strong> Este tipo de l\u00e1mpara es ideal para la iluminaci\u00f3n de interiores, ya que no ocupan mucho espacio al colgarlas.<\/li>\n<li><strong>Ojos de buey<\/strong><strong>. <\/strong>Dan elegancia al espacio, pero tienen que ser complementarias a otros tipos de luz, tales como, la natural o de plaf\u00f3n.<\/li>\n<li><strong>L\u00e1mparas de mesa<\/strong><strong>.<\/strong> Las l\u00e1mparas de mesa sirven para destacar una zona concreta del sal\u00f3n, por ejemplo, un mueble al que la luz natural no le llega del todo.<\/li>\n<li><strong>L\u00e1mparas de pie<\/strong><strong>. <\/strong>Con ellas, puedes conseguir el mismo efecto que con la l\u00e1mpara de mesa.<\/li>\n<li><strong>Luces LED<\/strong><strong>. <\/strong>Se recomienda este tipo de luces para <strong>salones modernos<\/strong><strong>,<\/strong> debido a que su luminosidad permite resaltar la est\u00e9tica de armarios o cornisas del techo. Proporcionan luz indirecta, y, adem\u00e1s, son de bajo consumo.<\/li>\n<\/ol>\n<h2><strong>Distribuir correctamente los elementos de tu sal\u00f3n<\/strong><\/h2>\n<p>Es normal que la distribuci\u00f3n del sal\u00f3n traiga alg\u00fan que otro quebradero de cabeza. Dependiendo de las caracter\u00edsticas de nuestro bien inmueble, el espacio en el que se ubica el sal\u00f3n<strong>\u00a0<\/strong>puede estar distribuido en planta con forma cuadrada, rectangular, irregular o en forma de L. Seg\u00fan sea de una u otra naturaleza, te ofrecemos una serie de tips:<\/p>\n<ul>\n<li><strong>Salones de planta cuadrada. <\/strong>Suelen ser los m\u00e1s agradecidos para distribuir los muebles. Lo m\u00e1s recomendable es colocar los sof\u00e1s en una de las esquinas y ubicar el comedor en la zona opuesta.<\/li>\n<li><strong>Salones de planta rectangular. <\/strong>Su configuraci\u00f3n hace que la disposici\u00f3n \u00f3ptima se consiga situando cada ambiente a cada lado del rect\u00e1ngulo. De este modo, podremos acomodar sin problemas ambas zonas.<\/li>\n<li><strong>Salones con forma irregular. <\/strong>Si aprovechamos la zona m\u00e1s larga para colocar los sof\u00e1s, podremos adaptar la mesa del sal\u00f3n hacia el espacio restante. En estos casos resulta muy interesante recurrir a mesas de comedor y muebles de planta circular, ya que disimulan las irregularidades de la estancia.<\/li>\n<li><strong>Salones en forma de L. <\/strong>Igual que en el rectangular, buscaremos el lado de la L m\u00e1s apropiado para la zona de estar, mientras que en la otra colocaremos las sillas y las mesas altas.<\/li>\n<\/ul>\n<p>Otros consejos \u00fatiles y funcionales para conseguir una correcta y adecuada distribuci\u00f3n de todos los elementos a la hora de decorar tu sal\u00f3n son:<\/p>\n<ul>\n<li><strong>Separar ligeramente los muebles de la <\/strong><strong>pared <\/strong>para conseguir una mayor sofisticaci\u00f3n en la decoraci\u00f3n de tu sal\u00f3n.<\/li>\n<li>Si tienes poco espacio, optar por\u00a0<strong>muebles <\/strong><strong>multifuncionales <\/strong>y por organizar\u00a0<strong>todo el almacenaje en una de las paredes<\/strong>. De esta forma, ganar\u00e1s amplitud y espacio.<\/li>\n<\/ul>\n<h2><strong>El orden como elemento principal para decorar tu sal\u00f3n<\/strong><\/h2>\n<p>Al tratarse del principal \u00e1rea com\u00fan de la casa, el orden en el sal\u00f3n es fundamental. Debe estar delimitado visualmente para potenciar la sensaci\u00f3n de equilibrio y armon\u00eda. A continuaci\u00f3n, mencionaremos algunos tips para conseguir que tu sal\u00f3n luzca totalmente ordenado y equilibrado, tanto a tus ojos, como a los de tus invitados:<\/p>\n<ul>\n<li>Con el objetivo de generar una sensaci\u00f3n de orden, lo ideal es utilizar sof\u00e1s, butacas o pufs en forma de \u201cU\u201d, los cuales es recomendable que permanezcan a una distancia de unos 40 cent\u00edmetros con respecto a la mesa.<\/li>\n<li>Otro factor importante para mantener el orden en el sal\u00f3n es el uso correcto de algunos complementos, tales como <strong>cojines<\/strong>, <strong>plaids <\/strong>y <strong>objetivos decorativos.<\/strong><\/li>\n<\/ul>\n<h2><strong>Decorar las paredes<\/strong><\/h2>\n<p>El sal\u00f3n es la estancia a la que mayor atenci\u00f3n le prestamos y a la que m\u00e1s partido le sacamos. Con independencia de su tama\u00f1o, siempre procuramos que el sal\u00f3n muestre nuestro gusto y personalidad, por encima, incluso, de la funcionalidad.<\/p>\n<p><strong>Decorar las paredes<\/strong> es fundamental para lograr que el sal\u00f3n brille, a la vez que genere una sensaci\u00f3n de equilibrio y armon\u00eda. Si est\u00e1s pensando en decorar tu sal\u00f3n y no sabes qu\u00e9 hacer con tus paredes, a continuaci\u00f3n, te ofrecemos algunos de los mejores consejos:<\/p>\n<ol>\n<li><strong>Combina marcos de diferentes colores y estilos.<\/strong><\/li>\n<li><strong>Planea la distribuci\u00f3n antes de colgar los cuadros<\/strong><strong>. <\/strong>Lo mejor es hacer diferentes pruebas hasta encontrar la que m\u00e1s te Para dar con el dise\u00f1o y la forma que m\u00e1s te atraiga puedes, bien ayudarte de plantillas que ya est\u00e9n creadas, o bien hacer tu propio dise\u00f1o.<\/li>\n<li><strong>Colocar la pieza m\u00e1s grande en el centro<\/strong><strong>. <\/strong>Con la estructura decidida y las obras seleccionadas, llega el momento de colgar los cuadros. Puedes empezar por donde quieras, pero nuestra recomendaci\u00f3n es comenzar con la pieza m\u00e1s grande, aconsejablemente, desde la parte m\u00e1s interior de la estancia, hasta la m\u00e1s alejada de la misma.<\/li>\n<\/ol>\n<h2><strong>Elegir los colores correctos para decorar tu sal\u00f3n<\/strong><\/h2>\n<p>Hoy en d\u00eda, <strong>el color de tu sal\u00f3n no se elige<\/strong><strong> tan solo en las paredes<\/strong>. A pesar de que estas tengan un papel importante en el toque final, incluso teniendo paredes blancas puedes tener un sal\u00f3n en el que el color predominante sea el azul, el verde, el lila o el amarillo chill\u00f3n, entre otros. Para ello, podr\u00e1s utilizar diferentes muebles o complementos: el sof\u00e1, las mesas, las alfombras o los cojines, entre otros.<\/p>\n<p>Todos esos elementos te ayudar\u00e1n a poner el detalle de color que buscas. La clave est\u00e1 en elegir el color que m\u00e1s te atraiga, siempre reflejando tu gusto y tu personalidad. Y es que, a la hora de elegir los colores de tu sal\u00f3n, debes tener en cuenta varios puntos:<\/p>\n<ul>\n<li>En primer lugar, es importante que<strong> elijas una paleta y te centres en ella<\/strong>. Esto no quiere decir que tenga que ser todo del mismo color, pues ser\u00eda aburrido y carecer\u00eda de estilo. Sin embargo, es recomendable focalizarse en una sola paleta para combinar, la cual est\u00e9 formada por entre 3 y 5 colores.<\/li>\n<li>Si usas demasiados colores podr\u00edas correr el riesgo de que no acaben combinando entre ellos,\u00a0o incluso, de que el sal\u00f3n quede demasiado recargado y el ambiente se muestre<\/li>\n<\/ul>\n<h2><strong>Utilizar muebles bajos en tu sal\u00f3n<\/strong><\/h2>\n<p>Utilizar <strong>muebles bajos en tu sal\u00f3n<\/strong> es una excelente alternativa a la opci\u00f3n de aprovechar toda la altura de la pared. Adem\u00e1s, cuenta con la ventaja de <strong>no saturar el espacio<\/strong>\u00a0y de dejar la pared libre para vestirla tanto con cuadros, como con fotos.<\/p>\n<h2><strong>Colocar un espejo para ampliar el espacio<\/strong><\/h2>\n<p>En caso de\u00a0<strong>que tu sal\u00f3n sea peque\u00f1o,<\/strong>\u00a0los\u00a0<strong>espejos son el elemento ideal<\/strong> para crear efectos visuales y\u00a0<strong>agrandar los espacios.<\/strong>\u00a0Sin embargo, no todos los espejos crean los mismos efectos.<\/p>\n<p>En funci\u00f3n de su <strong>forma, tama\u00f1o <\/strong>y<strong> acabado,<\/strong>\u00a0los espejos generan la\u00a0<strong>sensaci\u00f3n de amplitud<\/strong>\u00a0en cualquier estancia. Esto se produce debido a la luz que son capaces de reflectar. \u00bfQu\u00e9 tipos de espejos existen y cu\u00e1les son los recomendables para cada espacio? \u00a1A continuaci\u00f3n, te mostramos algunos de ellos!<\/p>\n<ul>\n<li><strong>Espejos altos. <\/strong>Uno de los espejos ideales para agrandar salones peque\u00f1os son los\u00a0<strong>espejos altos, generalmente con forma rectangular. <\/strong>Este truco sirve, en especial, para\u00a0<strong>el recibidor.<\/strong> De esta forma, se conseguir\u00e1 una percepci\u00f3n visual amplificada.<\/li>\n<li><strong>Espejos junto a las ventanas. <\/strong>Otro consejo para agrandar los salones peque\u00f1os es\u00a0<strong>colocar uno o varios espejos de buen tama\u00f1o, bien cerca de la ventana, o bien enfrente de ella. <\/strong>As\u00ed,\u00a0el espejo mostrar\u00e1 otra perspectiva de la zona exterior\u00a0pr\u00f3xima a nuestro hogar, adem\u00e1s de ayudar a tener una mejor iluminaci\u00f3n en la estancia.<\/li>\n<li><strong>Espejos redondos. <\/strong>Los\u00a0<strong>espejos redondos <\/strong>son ideales para salones peque\u00f1os, ya que su forma\u00a0<strong>se ajusta a espacios reducidos.<\/strong>\u00a0Servir\u00e1n, sobre todo, para decorar\u00a0<strong>la sala y los pasillos, <\/strong>pudiendo elegir entre uno o varios, de igual o diferente tama\u00f1o.<\/li>\n<li><strong>Pared de espejo. <\/strong>Se<strong> pueden colocar grandes paneles de espejo que cubran toda la superficie de la pared, <\/strong>justo detr\u00e1s del sof\u00e1 o de la mesa principal.<\/li>\n<\/ul>\n<h4><strong style=\"color: #666666; font-size: 1.25rem;\">Decora tu sal\u00f3n con un sof\u00e1 acorde con los colores y los espacios<\/strong><\/h4>\n<p><strong>Antes de anticiparse a la hora de <\/strong><a href=\"https:\/\/factormueble.com\/sofas\/\" target=\"_blank\" rel=\"noopener\"><strong>elegir el sof\u00e1<\/strong><\/a><strong> ser\u00e1 necesario analizar <\/strong>aspectos tan relevantes como la composici\u00f3n de la estancia, la ubicaci\u00f3n de la misma, los colores que hay en la pared o la decoraci\u00f3n que tiene. A continuaci\u00f3n, mencionaremos algunos de los mejores consejos a partir de los que conseguir que el sof\u00e1 y tu sal\u00f3n se encuentren en armon\u00eda.<\/p>\n<ul>\n<li><strong>Analizar el sal\u00f3n<\/strong>. Se trata de estudiar el espacio, tanto en lo que se refiere a metros cuadrados, como al tipo de planta. Y es que, solo as\u00ed, tendremos la capacidad de elegir el sof\u00e1 ideal que podr\u00e1 ocupar el sal\u00f3n.<\/li>\n<li>Un <strong>tip muy importante para determinar la longitud ideal del sof\u00e1\u0301<\/strong> ser\u00e1 medir la pared en la que se situar\u00e1 y restarle unos 90 cm, los cuales ser\u00e1n suficientes para que no parezca encajado en el hueco, existiendo la posibilidad de colocar una mesa auxiliar<strong>. Si el resultado es menor al del n\u00famero de plazas de asiento que necesitas, completa el conjunto con unas butacas o con unas c\u00f3modas sillas de brazos.<\/strong><\/li>\n<li><strong>Para un sal\u00f3n estrecho<\/strong><strong>. <\/strong>Para espacios muy angostos, las <a href=\"https:\/\/factormueble.com\/chaise-longue\/\" target=\"_blank\" rel=\"noopener\"><strong>chaise lounge<\/strong><\/a> son la mejor opci\u00f3n. Gracias a sus modelos con rinconera tendr\u00e1s una plaza extra y compensar\u00e1n la sensaci\u00f3n de t\u00fanel que se generar\u00e1 en un sal\u00f3n estrecho. Esta opci\u00f3n tambi\u00e9n es perfecta para separar de forma clara las distintas zonas del sal\u00f3n.<\/li>\n<li><strong>Para salones cuadrados <\/strong>la opci\u00f3n ideal es incluir <strong>sof\u00e1s en paralelo<\/strong>, siempre que el espacio lo permita. De esta forma, se optimizar\u00e1n las plazas del sof\u00e1, pudiendo \u00e9ste combinar con unas butacas en uno de sus lados. De esta forma, el sof\u00e1 cerrar\u00e1 su ambiente sobre s\u00ed mismo, formando una forma de U.<\/li>\n<li><strong>Para salones muy amplios y\/o muy peque\u00f1os <\/strong>los <strong>m\u00f3dulos de asientos <\/strong>son la mejor opci\u00f3n. Consiste en una alternativa muy \u00fatil de cara a crear distintas zonas de asientos.<\/li>\n<li>Salones con vistas. La mejor opci\u00f3n para este tipo de estancias es la de los <strong>sof\u00e1s de respaldo bajo. <\/strong>Este tipo de soluci\u00f3n apenas obstaculiza el paso de la luz, ni la visi\u00f3n sobre el entorno.<\/li>\n<li><strong>Salones de planta rectangular. <\/strong>Instalar <strong>dos sof\u00e1s en forma de L, <\/strong>los cuales permanezcan en posici\u00f3n exenta en una estancia abierta, conseguir\u00e1 delimitar las diferentes zonas del sal\u00f3n. La combinaci\u00f3n de dos sof\u00e1s id\u00e9nticos o de varios tama\u00f1os dar\u00e1 lugar a una composici\u00f3n integrada y sim\u00e9trica.<\/li>\n<\/ul>\n<p>En definitiva, existen muchos aspectos a tener en cuenta a la hora de decorar tu sal\u00f3n, as\u00ed como innumerables posibilidades. Desde Factor Mueble ponemos a tu disposici\u00f3n una amplia gama de productos que contribuir\u00e1n a ofrecerte m\u00faltiples combinaciones a partir de las que conseguir la mejor decoraci\u00f3n para tu sal\u00f3n, independientemente de su tama\u00f1o, forma o color.<\/p>\n<p>Si tienes cualquier duda o necesitas consejo profesional, ponte en contacto con nosotros. Nuestro gran equipo de expertos estar\u00e1 encantado de atenderte y asesorarte sobre la decisi\u00f3n que mejor se adapte a tus necesidades.<\/p>\n","protected":false},"excerpt":{"rendered":"<p>Existen muchas formas de decorar un sal\u00f3n y muchos tipos de salones, desde los m\u00e1s peque\u00f1os, hasta los m\u00e1s grandes, desde los m\u00e1s iluminados, hasta los m\u00e1s oscuros, desde los que tienen forma rectangular, hasta los que tienen forma de L. Cuando queremos cambiar el estilo de nuestro hogar y su estructura, lo hacemos con &hellip;<\/p>\n<p class=\"read-more\"> <a class=\"\" href=\"https:\/\/factormueble.com\/blog\/como-decorar-un-salon-las-mejores-ideas-para-dar-con-la-clave\/\"> <span class=\"screen-reader-text\">\u00bfC\u00f3mo decorar un sal\u00f3n? Las mejores ideas para dar con la clave<\/span> Leer m\u00e1s &raquo;<\/a><\/p>\n","protected":false},"author":1,"featured_media":165,"comment_status":"open","ping_status":"open","sticky":false,"template":"","format":"standard","meta":{"site-sidebar-layout":"default","site-content-layout":"default","ast-global-header-display":"","ast-main-header-display":"","ast-hfb-above-header-display":"","ast-hfb-below-header-display":"","ast-hfb-mobile-header-display":"","site-post-title":"","ast-breadcrumbs-content":"","ast-featured-img":"","footer-sml-layout":"","theme-transparent-header-meta":"default","adv-header-id-meta":"","stick-header-meta":"","header-above-stick-meta":"","header-main-stick-meta":"","header-below-stick-meta":""},"categories":[15],"tags":[],"yoast_head":"<!-- This site is optimized with the Yoast SEO plugin v19.2 - https:\/\/yoast.com\/wordpress\/plugins\/seo\/ -->\n<title>Las mejores ideas para decorar tu sal\u00f3n | Factor Mueble<\/title>\n<meta name=\"description\" content=\"Todas las claves y consejos para decorar el sal\u00f3n de tu casa y que luzca incre\u00edble. Ideas para decorar el sal\u00f3n con estilo moderno, cl\u00e1sico, minimalista.\" \/>\n<meta name=\"robots\" content=\"index, follow, max-snippet:-1, max-image-preview:large, max-video-preview:-1\" \/>\n<link rel=\"canonical\" href=\"http:\/\/factormueble.com\/blog\/como-decorar-un-salon-las-mejores-ideas-para-dar-con-la-clave\/\" \/>\n<meta property=\"og:locale\" content=\"es_ES\" \/>\n<meta property=\"og:type\" content=\"article\" \/>\n<meta property=\"og:title\" content=\"Las mejores ideas para decorar tu sal\u00f3n | Factor Mueble\" \/>\n<meta property=\"og:description\" content=\"Todas las claves y consejos para decorar el sal\u00f3n de tu casa y que luzca incre\u00edble. Ideas para decorar el sal\u00f3n con estilo moderno, cl\u00e1sico, minimalista.\" \/>\n<meta property=\"og:url\" content=\"http:\/\/factormueble.com\/blog\/como-decorar-un-salon-las-mejores-ideas-para-dar-con-la-clave\/\" \/>\n<meta property=\"og:site_name\" content=\"Factormueble\" \/>\n<meta property=\"article:published_time\" content=\"2022-06-28T16:06:04+00:00\" \/>\n<meta property=\"article:modified_time\" content=\"2022-07-28T06:17:16+00:00\" \/>\n<meta property=\"og:image\" content=\"http:\/\/factormueble.com\/blog\/wp-content\/uploads\/2022\/06\/decoracion-salon.jpg\" \/>\n\t<meta property=\"og:image:width\" content=\"1400\" \/>\n\t<meta property=\"og:image:height\" content=\"600\" \/>\n\t<meta property=\"og:image:type\" content=\"image\/jpeg\" \/>\n<meta name=\"author\" content=\"Factormueble\" \/>\n<meta name=\"twitter:card\" content=\"summary_large_image\" \/>\n<meta name=\"twitter:label1\" content=\"Escrito por\" \/>\n\t<meta name=\"twitter:data1\" content=\"Factormueble\" \/>\n\t<meta name=\"twitter:label2\" content=\"Tiempo de lectura\" \/>\n\t<meta name=\"twitter:data2\" content=\"10 minutos\" \/>\n<script type=\"application\/ld+json\" class=\"yoast-schema-graph\">{\"@context\":\"https:\/\/schema.org\",\"@graph\":[{\"@type\":\"WebSite\",\"@id\":\"http:\/\/factormueble.com\/blog\/#website\",\"url\":\"http:\/\/factormueble.com\/blog\/\",\"name\":\"Factormueble\",\"description\":\"\",\"potentialAction\":[{\"@type\":\"SearchAction\",\"target\":{\"@type\":\"EntryPoint\",\"urlTemplate\":\"http:\/\/factormueble.com\/blog\/?s={search_term_string}\"},\"query-input\":\"required name=search_term_string\"}],\"inLanguage\":\"es\"},{\"@type\":\"ImageObject\",\"inLanguage\":\"es\",\"@id\":\"http:\/\/factormueble.com\/blog\/como-decorar-un-salon-las-mejores-ideas-para-dar-con-la-clave\/#primaryimage\",\"url\":\"https:\/\/factormueble.com\/blog\/wp-content\/uploads\/2022\/06\/decoracion-salon.jpg\",\"contentUrl\":\"https:\/\/factormueble.com\/blog\/wp-content\/uploads\/2022\/06\/decoracion-salon.jpg\",\"width\":1400,\"height\":600,\"caption\":\"\u00bfC\u00f3mo decorar un sal\u00f3n?\"},{\"@type\":\"WebPage\",\"@id\":\"http:\/\/factormueble.com\/blog\/como-decorar-un-salon-las-mejores-ideas-para-dar-con-la-clave\/#webpage\",\"url\":\"http:\/\/factormueble.com\/blog\/como-decorar-un-salon-las-mejores-ideas-para-dar-con-la-clave\/\",\"name\":\"Las mejores ideas para decorar tu sal\u00f3n | Factor Mueble\",\"isPartOf\":{\"@id\":\"http:\/\/factormueble.com\/blog\/#website\"},\"primaryImageOfPage\":{\"@id\":\"http:\/\/factormueble.com\/blog\/como-decorar-un-salon-las-mejores-ideas-para-dar-con-la-clave\/#primaryimage\"},\"datePublished\":\"2022-06-28T16:06:04+00:00\",\"dateModified\":\"2022-07-28T06:17:16+00:00\",\"author\":{\"@id\":\"http:\/\/factormueble.com\/blog\/#\/schema\/person\/707081180d31e7f1fe36b0077b680374\"},\"description\":\"Todas las claves y consejos para decorar el sal\u00f3n de tu casa y que luzca incre\u00edble. Ideas para decorar el sal\u00f3n con estilo moderno, cl\u00e1sico, minimalista.\",\"breadcrumb\":{\"@id\":\"http:\/\/factormueble.com\/blog\/como-decorar-un-salon-las-mejores-ideas-para-dar-con-la-clave\/#breadcrumb\"},\"inLanguage\":\"es\",\"potentialAction\":[{\"@type\":\"ReadAction\",\"target\":[\"http:\/\/factormueble.com\/blog\/como-decorar-un-salon-las-mejores-ideas-para-dar-con-la-clave\/\"]}]},{\"@type\":\"BreadcrumbList\",\"@id\":\"http:\/\/factormueble.com\/blog\/como-decorar-un-salon-las-mejores-ideas-para-dar-con-la-clave\/#breadcrumb\",\"itemListElement\":[{\"@type\":\"ListItem\",\"position\":1,\"name\":\"Portada\",\"item\":\"http:\/\/factormueble.com\/blog\/\"},{\"@type\":\"ListItem\",\"position\":2,\"name\":\"\u00bfC\u00f3mo decorar un sal\u00f3n? Las mejores ideas para dar con la clave\"}]},{\"@type\":\"Person\",\"@id\":\"http:\/\/factormueble.com\/blog\/#\/schema\/person\/707081180d31e7f1fe36b0077b680374\",\"name\":\"Factormueble\",\"image\":{\"@type\":\"ImageObject\",\"inLanguage\":\"es\",\"@id\":\"http:\/\/factormueble.com\/blog\/#\/schema\/person\/image\/\",\"url\":\"https:\/\/secure.gravatar.com\/avatar\/720bb70c8d16d571829565fe0515d1fb?s=96&d=mm&r=g\",\"contentUrl\":\"https:\/\/secure.gravatar.com\/avatar\/720bb70c8d16d571829565fe0515d1fb?s=96&d=mm&r=g\",\"caption\":\"Factormueble\"}}]}<\/script>\n<!-- \/ Yoast SEO plugin. -->","yoast_head_json":{"title":"Las mejores ideas para decorar tu sal\u00f3n | Factor Mueble","description":"Todas las claves y consejos para decorar el sal\u00f3n de tu casa y que luzca incre\u00edble. Ideas para decorar el sal\u00f3n con estilo moderno, cl\u00e1sico, minimalista.","robots":{"index":"index","follow":"follow","max-snippet":"max-snippet:-1","max-image-preview":"max-image-preview:large","max-video-preview":"max-video-preview:-1"},"canonical":"http:\/\/factormueble.com\/blog\/como-decorar-un-salon-las-mejores-ideas-para-dar-con-la-clave\/","og_locale":"es_ES","og_type":"article","og_title":"Las mejores ideas para decorar tu sal\u00f3n | Factor Mueble","og_description":"Todas las claves y consejos para decorar el sal\u00f3n de tu casa y que luzca incre\u00edble. Ideas para decorar el sal\u00f3n con estilo moderno, cl\u00e1sico, minimalista.","og_url":"http:\/\/factormueble.com\/blog\/como-decorar-un-salon-las-mejores-ideas-para-dar-con-la-clave\/","og_site_name":"Factormueble","article_published_time":"2022-06-28T16:06:04+00:00","article_modified_time":"2022-07-28T06:17:16+00:00","og_image":[{"width":1400,"height":600,"url":"http:\/\/factormueble.com\/blog\/wp-content\/uploads\/2022\/06\/decoracion-salon.jpg","type":"image\/jpeg"}],"author":"Factormueble","twitter_card":"summary_large_image","twitter_misc":{"Escrito por":"Factormueble","Tiempo de lectura":"10 minutos"},"schema":{"@context":"https:\/\/schema.org","@graph":[{"@type":"WebSite","@id":"http:\/\/factormueble.com\/blog\/#website","url":"http:\/\/factormueble.com\/blog\/","name":"Factormueble","description":"","potentialAction":[{"@type":"SearchAction","target":{"@type":"EntryPoint","urlTemplate":"http:\/\/factormueble.com\/blog\/?s={search_term_string}"},"query-input":"required name=search_term_string"}],"inLanguage":"es"},{"@type":"ImageObject","inLanguage":"es","@id":"http:\/\/factormueble.com\/blog\/como-decorar-un-salon-las-mejores-ideas-para-dar-con-la-clave\/#primaryimage","url":"https:\/\/factormueble.com\/blog\/wp-content\/uploads\/2022\/06\/decoracion-salon.jpg","contentUrl":"https:\/\/factormueble.com\/blog\/wp-content\/uploads\/2022\/06\/decoracion-salon.jpg","width":1400,"height":600,"caption":"\u00bfC\u00f3mo decorar un sal\u00f3n?"},{"@type":"WebPage","@id":"http:\/\/factormueble.com\/blog\/como-decorar-un-salon-las-mejores-ideas-para-dar-con-la-clave\/#webpage","url":"http:\/\/factormueble.com\/blog\/como-decorar-un-salon-las-mejores-ideas-para-dar-con-la-clave\/","name":"Las mejores ideas para decorar tu sal\u00f3n | Factor Mueble","isPartOf":{"@id":"http:\/\/factormueble.com\/blog\/#website"},"primaryImageOfPage":{"@id":"http:\/\/factormueble.com\/blog\/como-decorar-un-salon-las-mejores-ideas-para-dar-con-la-clave\/#primaryimage"},"datePublished":"2022-06-28T16:06:04+00:00","dateModified":"2022-07-28T06:17:16+00:00","author":{"@id":"http:\/\/factormueble.com\/blog\/#\/schema\/person\/707081180d31e7f1fe36b0077b680374"},"description":"Todas las claves y consejos para decorar el sal\u00f3n de tu casa y que luzca incre\u00edble. Ideas para decorar el sal\u00f3n con estilo moderno, cl\u00e1sico, minimalista.","breadcrumb":{"@id":"http:\/\/factormueble.com\/blog\/como-decorar-un-salon-las-mejores-ideas-para-dar-con-la-clave\/#breadcrumb"},"inLanguage":"es","potentialAction":[{"@type":"ReadAction","target":["http:\/\/factormueble.com\/blog\/como-decorar-un-salon-las-mejores-ideas-para-dar-con-la-clave\/"]}]},{"@type":"BreadcrumbList","@id":"http:\/\/factormueble.com\/blog\/como-decorar-un-salon-las-mejores-ideas-para-dar-con-la-clave\/#breadcrumb","itemListElement":[{"@type":"ListItem","position":1,"name":"Portada","item":"http:\/\/factormueble.com\/blog\/"},{"@type":"ListItem","position":2,"name":"\u00bfC\u00f3mo decorar un sal\u00f3n? Las mejores ideas para dar con la clave"}]},{"@type":"Person","@id":"http:\/\/factormueble.com\/blog\/#\/schema\/person\/707081180d31e7f1fe36b0077b680374","name":"Factormueble","image":{"@type":"ImageObject","inLanguage":"es","@id":"http:\/\/factormueble.com\/blog\/#\/schema\/person\/image\/","url":"https:\/\/secure.gravatar.com\/avatar\/720bb70c8d16d571829565fe0515d1fb?s=96&d=mm&r=g","contentUrl":"https:\/\/secure.gravatar.com\/avatar\/720bb70c8d16d571829565fe0515d1fb?s=96&d=mm&r=g","caption":"Factormueble"}}]}},"_links":{"self":[{"href":"https:\/\/factormueble.com\/blog\/wp-json\/wp\/v2\/posts\/103"}],"collection":[{"href":"https:\/\/factormueble.com\/blog\/wp-json\/wp\/v2\/posts"}],"about":[{"href":"https:\/\/factormueble.com\/blog\/wp-json\/wp\/v2\/types\/post"}],"author":[{"embeddable":true,"href":"https:\/\/factormueble.com\/blog\/wp-json\/wp\/v2\/users\/1"}],"replies":[{"embeddable":true,"href":"https:\/\/factormueble.com\/blog\/wp-json\/wp\/v2\/comments?post=103"}],"version-history":[{"count":4,"href":"https:\/\/factormueble.com\/blog\/wp-json\/wp\/v2\/posts\/103\/revisions"}],"predecessor-version":[{"id":236,"href":"https:\/\/factormueble.com\/blog\/wp-json\/wp\/v2\/posts\/103\/revisions\/236"}],"wp:featuredmedia":[{"embeddable":true,"href":"https:\/\/factormueble.com\/blog\/wp-json\/wp\/v2\/media\/165"}],"wp:attachment":[{"href":"https:\/\/factormueble.com\/blog\/wp-json\/wp\/v2\/media?parent=103"}],"wp:term":[{"taxonomy":"category","embeddable":true,"href":"https:\/\/factormueble.com\/blog\/wp-json\/wp\/v2\/categories?post=103"},{"taxonomy":"post_tag","embeddable":true,"href":"https:\/\/factormueble.com\/blog\/wp-json\/wp\/v2\/tags?post=103"}],"curies":[{"name":"wp","href":"https:\/\/api.w.org\/{rel}","templated":true}]}}