{"id":70,"date":"2019-02-13T20:05:38","date_gmt":"2019-02-13T20:05:38","guid":{"rendered":"http:\/\/factormueble.com\/blog\/?p=70"},"modified":"2019-02-13T20:16:33","modified_gmt":"2019-02-13T20:16:33","slug":"8-claves-principales-para-decorar-tus-paredes-factormueble","status":"publish","type":"post","link":"https:\/\/factormueble.com\/blog\/8-claves-principales-para-decorar-tus-paredes-factormueble\/","title":{"rendered":"8 Claves Principales para decorar tus paredes | Factormueble"},"content":{"rendered":"<p>Si te encuentras en la b\u00fasqueda de la pared ideal, tienes una habitaci\u00f3n que reformar, o est\u00e1s redecorando tu casa, este post te ser\u00e1 de gran inter\u00e9s.<br \/>\nA menudo nos preguntamos de qu\u00e9 forma decorar la pared, para darle ese toque de estilismo a nuestro hogar, y en la mayor\u00eda de los casos no sabemos c\u00f3mo dar el primer paso. Hoy os proponemos las claves principales a tener en cuenta seg\u00fan el resultado que queramos ver.<\/p>\n<h3>1 &#8211; PAPEL PINTADO<\/h3>\n<figure id=\"attachment_72\" aria-describedby=\"caption-attachment-72\" style=\"width: 1000px\" class=\"wp-caption aligncenter\"><img loading=\"lazy\" class=\"wp-image-72 size-full\" src=\"http:\/\/factormueble.com\/blog\/wp-content\/uploads\/2019\/02\/PAPEL-PINTADO-e1550060993803.jpg\" alt=\"\" width=\"1000\" height=\"375\" srcset=\"https:\/\/factormueble.com\/blog\/wp-content\/uploads\/2019\/02\/PAPEL-PINTADO-e1550060993803.jpg 1000w, https:\/\/factormueble.com\/blog\/wp-content\/uploads\/2019\/02\/PAPEL-PINTADO-e1550060993803-300x113.jpg 300w, https:\/\/factormueble.com\/blog\/wp-content\/uploads\/2019\/02\/PAPEL-PINTADO-e1550060993803-768x288.jpg 768w\" sizes=\"(max-width: 1000px) 100vw, 1000px\" \/><figcaption id=\"caption-attachment-72\" class=\"wp-caption-text\">El papel pintado juega un papel fundamental en la decoraci\u00f3n de interiores. Ya sea por su sencillez de colocaci\u00f3n, como por su gran variedad de colores, texturas, dise\u00f1os,&#8230; realmente nos ayudar\u00e1 a conseguir un ambiente \u00fanico. Podr\u00e1s encontrar una gran variedad de papel para decorar, \u00a1y lo puedes colocar t\u00fa mismo! En nuestro <a href=\"https:\/\/factormueble.com\/composiciones-de-salon\/\">cat\u00e1logo de Salones<\/a>\u00a0podr\u00e1s encontrar todo tipo de muebles que combinar con este tipo de decoraci\u00f3n.<\/figcaption><\/figure>\n<hr \/>\n<h3>2 &#8211; VINILOS<\/h3>\n<figure id=\"attachment_74\" aria-describedby=\"caption-attachment-74\" style=\"width: 1000px\" class=\"wp-caption aligncenter\"><img loading=\"lazy\" class=\"wp-image-74 size-full\" src=\"http:\/\/factormueble.com\/blog\/wp-content\/uploads\/2019\/02\/0d7d03bba3aa80cc546886c60368a8ee-e1550062176445.jpg\" alt=\"\" width=\"1000\" height=\"590\" srcset=\"https:\/\/factormueble.com\/blog\/wp-content\/uploads\/2019\/02\/0d7d03bba3aa80cc546886c60368a8ee-e1550062176445.jpg 1000w, https:\/\/factormueble.com\/blog\/wp-content\/uploads\/2019\/02\/0d7d03bba3aa80cc546886c60368a8ee-e1550062176445-300x177.jpg 300w, https:\/\/factormueble.com\/blog\/wp-content\/uploads\/2019\/02\/0d7d03bba3aa80cc546886c60368a8ee-e1550062176445-768x453.jpg 768w\" sizes=\"(max-width: 1000px) 100vw, 1000px\" \/><figcaption id=\"caption-attachment-74\" class=\"wp-caption-text\">Este formato de vinilo, es muy utilizado en habitaciones para ni\u00f1os, ya que combinando varios tipos de dibujos o formas, podemos crear un ambiente de lo m\u00e1s infantil. Los m\u00e1s utilizados son nubes, lunares, dibujos en tonos pastel, o incluso frases bonitas con las que queramos que nuestro hijo se sienta identificado. Lo mejor de todo es que cuando crezcan, ser\u00e1 sencillo de eliminar y as\u00ed poder pintar la pared de forma m\u00e1s adecuada a su edad.<\/figcaption><\/figure>\n<hr \/>\n<h3>3 &#8211; PINTAR UNA DE LAS PAREDES<\/h3>\n<figure id=\"attachment_78\" aria-describedby=\"caption-attachment-78\" style=\"width: 730px\" class=\"wp-caption aligncenter\"><img loading=\"lazy\" class=\"wp-image-78 size-full\" src=\"http:\/\/factormueble.com\/blog\/wp-content\/uploads\/2019\/02\/pintar-una-pared-dormitorio-e1550082514458.jpg\" alt=\"\" width=\"730\" height=\"297\" srcset=\"https:\/\/factormueble.com\/blog\/wp-content\/uploads\/2019\/02\/pintar-una-pared-dormitorio-e1550082514458.jpg 730w, https:\/\/factormueble.com\/blog\/wp-content\/uploads\/2019\/02\/pintar-una-pared-dormitorio-e1550082514458-300x122.jpg 300w\" sizes=\"(max-width: 730px) 100vw, 730px\" \/><figcaption id=\"caption-attachment-78\" class=\"wp-caption-text\">Pintar toda la habitaci\u00f3n de un color, y elegir otro color de pintura para las dem\u00e1s, le aportar\u00e1 un plus de estilo y elegancia. Es un contraste muy utilizado para que la habitaci\u00f3n no quede tan mon\u00f3tona. Tambi\u00e9n podemos acompa\u00f1ar la pared del cabecero de unos cuadros, como en el ejemplo de la imagen superior.<\/figcaption><\/figure>\n<hr \/>\n<h3>5 &#8211; FOTOS FAMILIARES<\/h3>\n<figure id=\"attachment_82\" aria-describedby=\"caption-attachment-82\" style=\"width: 748px\" class=\"wp-caption aligncenter\"><img loading=\"lazy\" class=\"wp-image-82 size-full\" src=\"http:\/\/factormueble.com\/blog\/wp-content\/uploads\/2019\/02\/DECORANDO-AMBIENTES-e1550085667241.jpg\" alt=\"\" width=\"748\" height=\"525\" srcset=\"https:\/\/factormueble.com\/blog\/wp-content\/uploads\/2019\/02\/DECORANDO-AMBIENTES-e1550085667241.jpg 748w, https:\/\/factormueble.com\/blog\/wp-content\/uploads\/2019\/02\/DECORANDO-AMBIENTES-e1550085667241-300x211.jpg 300w\" sizes=\"(max-width: 748px) 100vw, 748px\" \/><figcaption id=\"caption-attachment-82\" class=\"wp-caption-text\">Sin duda alguna, nuestros seres queridos forman un papel fundamental en nuestra vida. Entonces, \u00bfpor qu\u00e9 no ponerlo en nuestras paredes? Existen miles de formas de combinar varias im\u00e1genes, consiguiendo un ambiente c\u00e1lido y acogedor.<\/figcaption><\/figure>\n<hr \/>\n<h3>6 &#8211; PLANTAS NATURALES<\/h3>\n<figure id=\"attachment_83\" aria-describedby=\"caption-attachment-83\" style=\"width: 614px\" class=\"wp-caption aligncenter\"><img loading=\"lazy\" class=\"wp-image-83\" src=\"http:\/\/factormueble.com\/blog\/wp-content\/uploads\/2019\/02\/ideas-decorar-pared-plantas-factormueble-blog.jpg\" alt=\"\" width=\"614\" height=\"549\" srcset=\"https:\/\/factormueble.com\/blog\/wp-content\/uploads\/2019\/02\/ideas-decorar-pared-plantas-factormueble-blog.jpg 589w, https:\/\/factormueble.com\/blog\/wp-content\/uploads\/2019\/02\/ideas-decorar-pared-plantas-factormueble-blog-300x268.jpg 300w\" sizes=\"(max-width: 614px) 100vw, 614px\" \/><figcaption id=\"caption-attachment-83\" class=\"wp-caption-text\">Decorar una pared con plantas colgadas, proporcionar\u00e1 una armon\u00eda y naturalidad muy importante para algunas estancias de nuestro hogar. Aportar\u00e1 paz y tranquilidad a la vez que se convertir\u00e1 en nuestra pared #top.<\/figcaption><\/figure>\n<hr \/>\n<h3>7 &#8211; MURALES ORIGINALES<\/h3>\n<figure id=\"attachment_84\" aria-describedby=\"caption-attachment-84\" style=\"width: 1188px\" class=\"wp-caption aligncenter\"><img loading=\"lazy\" class=\"wp-image-84 size-full\" src=\"http:\/\/factormueble.com\/blog\/wp-content\/uploads\/2019\/02\/ARBOL-EN-LA-PARED-MURAL-DECORADO-e1550087131413.jpg\" alt=\"\" width=\"1188\" height=\"717\" srcset=\"https:\/\/factormueble.com\/blog\/wp-content\/uploads\/2019\/02\/ARBOL-EN-LA-PARED-MURAL-DECORADO-e1550087131413.jpg 1188w, https:\/\/factormueble.com\/blog\/wp-content\/uploads\/2019\/02\/ARBOL-EN-LA-PARED-MURAL-DECORADO-e1550087131413-300x181.jpg 300w, https:\/\/factormueble.com\/blog\/wp-content\/uploads\/2019\/02\/ARBOL-EN-LA-PARED-MURAL-DECORADO-e1550087131413-768x464.jpg 768w, https:\/\/factormueble.com\/blog\/wp-content\/uploads\/2019\/02\/ARBOL-EN-LA-PARED-MURAL-DECORADO-e1550087131413-1024x618.jpg 1024w\" sizes=\"(max-width: 1188px) 100vw, 1188px\" \/><figcaption id=\"caption-attachment-84\" class=\"wp-caption-text\">Los murales originales, alegran la estancia, sobre todo cuando se utilizan colores vivos, como en el caso de esta imagen. Se utilizan en todo tipo de estancias para el hogar, y no son excesivamente caros. Incluso algunos se atreven a realizarlo de forma personalizada, con un poquito de imaginaci\u00f3n. \u00a1Hazlo t\u00fa mismo!<\/figcaption><\/figure>\n<h3>8 &#8211; CUADROS FIGURATIVOS<\/h3>\n<figure id=\"attachment_85\" aria-describedby=\"caption-attachment-85\" style=\"width: 1397px\" class=\"wp-caption aligncenter\"><a href=\"https:\/\/factormueble.com\/cuadros\/\"><img loading=\"lazy\" class=\"wp-image-85 size-full\" src=\"http:\/\/factormueble.com\/blog\/wp-content\/uploads\/2019\/02\/CUADROS-ANIMALES.png\" alt=\"\" width=\"1397\" height=\"672\" srcset=\"https:\/\/factormueble.com\/blog\/wp-content\/uploads\/2019\/02\/CUADROS-ANIMALES.png 1397w, https:\/\/factormueble.com\/blog\/wp-content\/uploads\/2019\/02\/CUADROS-ANIMALES-300x144.png 300w, https:\/\/factormueble.com\/blog\/wp-content\/uploads\/2019\/02\/CUADROS-ANIMALES-768x369.png 768w, https:\/\/factormueble.com\/blog\/wp-content\/uploads\/2019\/02\/CUADROS-ANIMALES-1024x493.png 1024w\" sizes=\"(max-width: 1397px) 100vw, 1397px\" \/><\/a><figcaption id=\"caption-attachment-85\" class=\"wp-caption-text\">Los cuadros figurativos, son utilizados a menudo en interiorismo. Animales en blanco y negro, siluetas de personas, caricaturas,&#8230; son muchos los ejemplos que se puede elegir en esta tem\u00e1tica. Los m\u00e1s llamativos son los de fotos realistas, y a la vez los m\u00e1s impactantes ya que transmiten una realidad.<\/figcaption><\/figure>\n<p>Todos estos puntos, son muy interesantes, para decidir qu\u00e9 decoraci\u00f3n utilizar en nuestras paredes. Depende en gran parte del estilo de cada uno, aunque todos ellos se pueden dotar de personalidad propia, utilizando los muebles y decoraci\u00f3n adecuados.<\/p>\n<p>Si tienes alguna consulta, o necesitas un consejo, contamos con un gran equipo de profesionales en decoraci\u00f3n e interiorismo. En Factormueble, realizamos proyectos de decoraci\u00f3n de interiores a nivel nacional.<br \/>\n\u00a1\u00c9chale un vistazo a nuestro cat\u00e1logo, e insp\u00edrate!<\/p>\n<hr \/>\n<p><a href=\"http:\/\/WWW.FACTORMUEBLE.COM\">VER CAT\u00c1LOGO MUEBLES DE FACTORMUEBLE<\/a><\/p>\n","protected":false},"excerpt":{"rendered":"<p>Si te encuentras en la b\u00fasqueda de la pared ideal, tienes una habitaci\u00f3n que reformar, o est\u00e1s redecorando tu casa, este post te ser\u00e1 de gran inter\u00e9s. A menudo nos preguntamos de qu\u00e9 forma decorar la pared, para darle ese toque de estilismo a nuestro hogar, y en la mayor\u00eda de los casos no sabemos &hellip;<\/p>\n<p class=\"read-more\"> <a class=\"\" href=\"https:\/\/factormueble.com\/blog\/8-claves-principales-para-decorar-tus-paredes-factormueble\/\"> <span class=\"screen-reader-text\">8 Claves Principales para decorar tus paredes | Factormueble<\/span> Leer m\u00e1s &raquo;<\/a><\/p>\n","protected":false},"author":1,"featured_media":90,"comment_status":"open","ping_status":"open","sticky":false,"template":"","format":"standard","meta":{"site-sidebar-layout":"default","site-content-layout":"default","ast-global-header-display":"","ast-main-header-display":"","ast-hfb-above-header-display":"","ast-hfb-below-header-display":"","ast-hfb-mobile-header-display":"","site-post-title":"","ast-breadcrumbs-content":"","ast-featured-img":"","footer-sml-layout":"","theme-transparent-header-meta":"","adv-header-id-meta":"","stick-header-meta":"","header-above-stick-meta":"","header-main-stick-meta":"","header-below-stick-meta":""},"categories":[4],"tags":[9,5,8,10,11,6,7],"yoast_head":"<!-- This site is optimized with the Yoast SEO plugin v19.2 - https:\/\/yoast.com\/wordpress\/plugins\/seo\/ -->\n<title>8 Claves Principales para decorar tus paredes | Factormueble - Factormueble<\/title>\n<meta name=\"robots\" content=\"index, follow, max-snippet:-1, max-image-preview:large, max-video-preview:-1\" \/>\n<link rel=\"canonical\" href=\"https:\/\/factormueble.com\/blog\/8-claves-principales-para-decorar-tus-paredes-factormueble\/\" \/>\n<meta property=\"og:locale\" content=\"es_ES\" \/>\n<meta property=\"og:type\" content=\"article\" \/>\n<meta property=\"og:title\" content=\"8 Claves Principales para decorar tus paredes | Factormueble - Factormueble\" \/>\n<meta property=\"og:description\" content=\"Si te encuentras en la b\u00fasqueda de la pared ideal, tienes una habitaci\u00f3n que reformar, o est\u00e1s redecorando tu casa, este post te ser\u00e1 de gran inter\u00e9s. A menudo nos preguntamos de qu\u00e9 forma decorar la pared, para darle ese toque de estilismo a nuestro hogar, y en la mayor\u00eda de los casos no sabemos &hellip; 8 Claves Principales para decorar tus paredes | Factormueble Leer m\u00e1s &raquo;\" \/>\n<meta property=\"og:url\" content=\"https:\/\/factormueble.com\/blog\/8-claves-principales-para-decorar-tus-paredes-factormueble\/\" \/>\n<meta property=\"og:site_name\" content=\"Factormueble\" \/>\n<meta property=\"article:published_time\" content=\"2019-02-13T20:05:38+00:00\" \/>\n<meta property=\"article:modified_time\" content=\"2019-02-13T20:16:33+00:00\" \/>\n<meta property=\"og:image\" content=\"https:\/\/factormueble.com\/blog\/wp-content\/uploads\/2019\/02\/ideas-decorar-pared-plantas-factormueble-blog-1-e1550088983185.jpg\" \/>\n\t<meta property=\"og:image:width\" content=\"589\" \/>\n\t<meta property=\"og:image:height\" content=\"262\" \/>\n\t<meta property=\"og:image:type\" content=\"image\/jpeg\" \/>\n<meta name=\"author\" content=\"Factormueble\" \/>\n<meta name=\"twitter:card\" content=\"summary_large_image\" \/>\n<meta name=\"twitter:label1\" content=\"Escrito por\" \/>\n\t<meta name=\"twitter:data1\" content=\"Factormueble\" \/>\n\t<meta name=\"twitter:label2\" content=\"Tiempo de lectura\" \/>\n\t<meta name=\"twitter:data2\" content=\"3 minutos\" \/>\n<script type=\"application\/ld+json\" class=\"yoast-schema-graph\">{\"@context\":\"https:\/\/schema.org\",\"@graph\":[{\"@type\":\"WebSite\",\"@id\":\"http:\/\/factormueble.com\/blog\/#website\",\"url\":\"http:\/\/factormueble.com\/blog\/\",\"name\":\"Factormueble\",\"description\":\"\",\"potentialAction\":[{\"@type\":\"SearchAction\",\"target\":{\"@type\":\"EntryPoint\",\"urlTemplate\":\"http:\/\/factormueble.com\/blog\/?s={search_term_string}\"},\"query-input\":\"required name=search_term_string\"}],\"inLanguage\":\"es\"},{\"@type\":\"ImageObject\",\"inLanguage\":\"es\",\"@id\":\"https:\/\/factormueble.com\/blog\/8-claves-principales-para-decorar-tus-paredes-factormueble\/#primaryimage\",\"url\":\"https:\/\/factormueble.com\/blog\/wp-content\/uploads\/2019\/02\/ideas-decorar-pared-plantas-factormueble-blog-1-e1550088983185.jpg\",\"contentUrl\":\"https:\/\/factormueble.com\/blog\/wp-content\/uploads\/2019\/02\/ideas-decorar-pared-plantas-factormueble-blog-1-e1550088983185.jpg\",\"width\":589,\"height\":262},{\"@type\":\"WebPage\",\"@id\":\"https:\/\/factormueble.com\/blog\/8-claves-principales-para-decorar-tus-paredes-factormueble\/#webpage\",\"url\":\"https:\/\/factormueble.com\/blog\/8-claves-principales-para-decorar-tus-paredes-factormueble\/\",\"name\":\"8 Claves Principales para decorar tus paredes | Factormueble - Factormueble\",\"isPartOf\":{\"@id\":\"http:\/\/factormueble.com\/blog\/#website\"},\"primaryImageOfPage\":{\"@id\":\"https:\/\/factormueble.com\/blog\/8-claves-principales-para-decorar-tus-paredes-factormueble\/#primaryimage\"},\"datePublished\":\"2019-02-13T20:05:38+00:00\",\"dateModified\":\"2019-02-13T20:16:33+00:00\",\"author\":{\"@id\":\"http:\/\/factormueble.com\/blog\/#\/schema\/person\/707081180d31e7f1fe36b0077b680374\"},\"breadcrumb\":{\"@id\":\"https:\/\/factormueble.com\/blog\/8-claves-principales-para-decorar-tus-paredes-factormueble\/#breadcrumb\"},\"inLanguage\":\"es\",\"potentialAction\":[{\"@type\":\"ReadAction\",\"target\":[\"https:\/\/factormueble.com\/blog\/8-claves-principales-para-decorar-tus-paredes-factormueble\/\"]}]},{\"@type\":\"BreadcrumbList\",\"@id\":\"https:\/\/factormueble.com\/blog\/8-claves-principales-para-decorar-tus-paredes-factormueble\/#breadcrumb\",\"itemListElement\":[{\"@type\":\"ListItem\",\"position\":1,\"name\":\"Portada\",\"item\":\"http:\/\/factormueble.com\/blog\/\"},{\"@type\":\"ListItem\",\"position\":2,\"name\":\"8 Claves Principales para decorar tus paredes | Factormueble\"}]},{\"@type\":\"Person\",\"@id\":\"http:\/\/factormueble.com\/blog\/#\/schema\/person\/707081180d31e7f1fe36b0077b680374\",\"name\":\"Factormueble\",\"image\":{\"@type\":\"ImageObject\",\"inLanguage\":\"es\",\"@id\":\"http:\/\/factormueble.com\/blog\/#\/schema\/person\/image\/\",\"url\":\"https:\/\/secure.gravatar.com\/avatar\/720bb70c8d16d571829565fe0515d1fb?s=96&d=mm&r=g\",\"contentUrl\":\"https:\/\/secure.gravatar.com\/avatar\/720bb70c8d16d571829565fe0515d1fb?s=96&d=mm&r=g\",\"caption\":\"Factormueble\"}}]}<\/script>\n<!-- \/ Yoast SEO plugin. -->","yoast_head_json":{"title":"8 Claves Principales para decorar tus paredes | Factormueble - Factormueble","robots":{"index":"index","follow":"follow","max-snippet":"max-snippet:-1","max-image-preview":"max-image-preview:large","max-video-preview":"max-video-preview:-1"},"canonical":"https:\/\/factormueble.com\/blog\/8-claves-principales-para-decorar-tus-paredes-factormueble\/","og_locale":"es_ES","og_type":"article","og_title":"8 Claves Principales para decorar tus paredes | Factormueble - Factormueble","og_description":"Si te encuentras en la b\u00fasqueda de la pared ideal, tienes una habitaci\u00f3n que reformar, o est\u00e1s redecorando tu casa, este post te ser\u00e1 de gran inter\u00e9s. A menudo nos preguntamos de qu\u00e9 forma decorar la pared, para darle ese toque de estilismo a nuestro hogar, y en la mayor\u00eda de los casos no sabemos &hellip; 8 Claves Principales para decorar tus paredes | Factormueble Leer m\u00e1s &raquo;","og_url":"https:\/\/factormueble.com\/blog\/8-claves-principales-para-decorar-tus-paredes-factormueble\/","og_site_name":"Factormueble","article_published_time":"2019-02-13T20:05:38+00:00","article_modified_time":"2019-02-13T20:16:33+00:00","og_image":[{"width":589,"height":262,"url":"https:\/\/factormueble.com\/blog\/wp-content\/uploads\/2019\/02\/ideas-decorar-pared-plantas-factormueble-blog-1-e1550088983185.jpg","type":"image\/jpeg"}],"author":"Factormueble","twitter_card":"summary_large_image","twitter_misc":{"Escrito por":"Factormueble","Tiempo de lectura":"3 minutos"},"schema":{"@context":"https:\/\/schema.org","@graph":[{"@type":"WebSite","@id":"http:\/\/factormueble.com\/blog\/#website","url":"http:\/\/factormueble.com\/blog\/","name":"Factormueble","description":"","potentialAction":[{"@type":"SearchAction","target":{"@type":"EntryPoint","urlTemplate":"http:\/\/factormueble.com\/blog\/?s={search_term_string}"},"query-input":"required name=search_term_string"}],"inLanguage":"es"},{"@type":"ImageObject","inLanguage":"es","@id":"https:\/\/factormueble.com\/blog\/8-claves-principales-para-decorar-tus-paredes-factormueble\/#primaryimage","url":"https:\/\/factormueble.com\/blog\/wp-content\/uploads\/2019\/02\/ideas-decorar-pared-plantas-factormueble-blog-1-e1550088983185.jpg","contentUrl":"https:\/\/factormueble.com\/blog\/wp-content\/uploads\/2019\/02\/ideas-decorar-pared-plantas-factormueble-blog-1-e1550088983185.jpg","width":589,"height":262},{"@type":"WebPage","@id":"https:\/\/factormueble.com\/blog\/8-claves-principales-para-decorar-tus-paredes-factormueble\/#webpage","url":"https:\/\/factormueble.com\/blog\/8-claves-principales-para-decorar-tus-paredes-factormueble\/","name":"8 Claves Principales para decorar tus paredes | Factormueble - Factormueble","isPartOf":{"@id":"http:\/\/factormueble.com\/blog\/#website"},"primaryImageOfPage":{"@id":"https:\/\/factormueble.com\/blog\/8-claves-principales-para-decorar-tus-paredes-factormueble\/#primaryimage"},"datePublished":"2019-02-13T20:05:38+00:00","dateModified":"2019-02-13T20:16:33+00:00","author":{"@id":"http:\/\/factormueble.com\/blog\/#\/schema\/person\/707081180d31e7f1fe36b0077b680374"},"breadcrumb":{"@id":"https:\/\/factormueble.com\/blog\/8-claves-principales-para-decorar-tus-paredes-factormueble\/#breadcrumb"},"inLanguage":"es","potentialAction":[{"@type":"ReadAction","target":["https:\/\/factormueble.com\/blog\/8-claves-principales-para-decorar-tus-paredes-factormueble\/"]}]},{"@type":"BreadcrumbList","@id":"https:\/\/factormueble.com\/blog\/8-claves-principales-para-decorar-tus-paredes-factormueble\/#breadcrumb","itemListElement":[{"@type":"ListItem","position":1,"name":"Portada","item":"http:\/\/factormueble.com\/blog\/"},{"@type":"ListItem","position":2,"name":"8 Claves Principales para decorar tus paredes | Factormueble"}]},{"@type":"Person","@id":"http:\/\/factormueble.com\/blog\/#\/schema\/person\/707081180d31e7f1fe36b0077b680374","name":"Factormueble","image":{"@type":"ImageObject","inLanguage":"es","@id":"http:\/\/factormueble.com\/blog\/#\/schema\/person\/image\/","url":"https:\/\/secure.gravatar.com\/avatar\/720bb70c8d16d571829565fe0515d1fb?s=96&d=mm&r=g","contentUrl":"https:\/\/secure.gravatar.com\/avatar\/720bb70c8d16d571829565fe0515d1fb?s=96&d=mm&r=g","caption":"Factormueble"}}]}},"_links":{"self":[{"href":"https:\/\/factormueble.com\/blog\/wp-json\/wp\/v2\/posts\/70"}],"collection":[{"href":"https:\/\/factormueble.com\/blog\/wp-json\/wp\/v2\/posts"}],"about":[{"href":"https:\/\/factormueble.com\/blog\/wp-json\/wp\/v2\/types\/post"}],"author":[{"embeddable":true,"href":"https:\/\/factormueble.com\/blog\/wp-json\/wp\/v2\/users\/1"}],"replies":[{"embeddable":true,"href":"https:\/\/factormueble.com\/blog\/wp-json\/wp\/v2\/comments?post=70"}],"version-history":[{"count":9,"href":"https:\/\/factormueble.com\/blog\/wp-json\/wp\/v2\/posts\/70\/revisions"}],"predecessor-version":[{"id":89,"href":"https:\/\/factormueble.com\/blog\/wp-json\/wp\/v2\/posts\/70\/revisions\/89"}],"wp:featuredmedia":[{"embeddable":true,"href":"https:\/\/factormueble.com\/blog\/wp-json\/wp\/v2\/media\/90"}],"wp:attachment":[{"href":"https:\/\/factormueble.com\/blog\/wp-json\/wp\/v2\/media?parent=70"}],"wp:term":[{"taxonomy":"category","embeddable":true,"href":"https:\/\/factormueble.com\/blog\/wp-json\/wp\/v2\/categories?post=70"},{"taxonomy":"post_tag","embeddable":true,"href":"https:\/\/factormueble.com\/blog\/wp-json\/wp\/v2\/tags?post=70"}],"curies":[{"name":"wp","href":"https:\/\/api.w.org\/{rel}","templated":true}]}}